{"id":13622,"date":"2026-02-03T09:31:52","date_gmt":"2026-02-03T15:31:52","guid":{"rendered":"https:\/\/www.srs.gob.sv\/?p=13622"},"modified":"2026-02-09T09:33:53","modified_gmt":"2026-02-09T15:33:53","slug":"firman-convenio-marco-de-colaboracion-entre-la-superintendencia-de-regulacion-sanitaria-y-la-universidad-de-el-salvador","status":"publish","type":"post","link":"https:\/\/www.srs.gob.sv\/?p=13622","title":{"rendered":"FIRMAN CONVENIO MARCO DE COLABORACI\u00d3N ENTRE LA SUPERINTENDENCIA DE REGULACI\u00d3N SANITARIA Y LA UNIVERSIDAD DE EL SALVADOR"},"content":{"rendered":"\n<p>La Superintendencia de Regulaci\u00f3n Sanitaria (SRS) y la Universidad de El Salvador (UES) suscribieron un <strong>Convenio Marco de Colaboraci\u00f3n Acad\u00e9mico\u2013Institucional<\/strong>, con el objetivo de fortalecer la articulaci\u00f3n entre la academia y el sector p\u00fablico en beneficio del sistema sanitario nacional. Firmaron el documento oficial el Superintendente, <strong>MSc. Noe Geovanni Garc\u00eda<\/strong> y el <strong>Ing. Juan Rosa Quintanilla Quintanilla<\/strong>, Rector de la Universidad de El Salvador.<\/p>\n\n\n\n<p>La rubrica de este convenio marco responde a la <strong>visi\u00f3n de Gobierno impulsada por el Presidente Nayib Bukele<\/strong>, orientada a fortalecer la articulaci\u00f3n interinstitucional, promover el uso estrat\u00e9gico del conocimiento y consolidar el trabajo coordinado entre las instituciones p\u00fablicas y la academia. \u201cEsperamos que cada vez se unan m\u00e1s facultades, ya trabajamos con la de qu\u00edmica y farmacia, la de medicina, para as\u00ed, impulsar m\u00e1s proyectos de investigaci\u00f3n que den frutos importantes no solo para el pa\u00eds, sino para la regi\u00f3n de Centroam\u00e9rica. Cuando uno deja de aprender, deja de crecer\u201d, se\u00f1al\u00f3 el Superintendente.<\/p>\n\n\n\n<p>Este instrumento establece un marco de cooperaci\u00f3n que permitir\u00e1 unir capacidades t\u00e9cnicas, cient\u00edficas y acad\u00e9micas para contribuir al fortalecimiento del sistema sanitario nacional, con un enfoque integral en salud p\u00fablica, regulaci\u00f3n sanitaria y formaci\u00f3n de talento humano altamente calificado.<\/p>\n\n\n\n<p>A trav\u00e9s de este acuerdo, ambas instituciones reafirman su compromiso con la excelencia, la investigaci\u00f3n cient\u00edfica y la proyecci\u00f3n social, generando espacios de colaboraci\u00f3n que faciliten el intercambio de conocimientos, el desarrollo de investigaciones conjuntas y la actualizaci\u00f3n permanente en \u00e1reas estrat\u00e9gicas para el pa\u00eds.<\/p>\n\n\n\n<p>Como parte de esta alianza, se promover\u00e1 la incorporaci\u00f3n de estudiantes de la Universidad de El Salvador en <strong>programas de pr\u00e1cticas profesionales y servicio social<\/strong> dentro de la Superintendencia de Regulaci\u00f3n Sanitaria, fortaleciendo su formaci\u00f3n acad\u00e9mica mediante experiencias reales vinculadas al ejercicio de la funci\u00f3n reguladora.<\/p>\n\n\n\n<p>De igual forma, se impulsar\u00e1n proyectos conjuntos de investigaci\u00f3n, actividades acad\u00e9micas, capacitaciones especializadas y acciones con enfoque social, que contribuyan a la <strong>toma de decisiones basadas en evidencia cient\u00edfica<\/strong> y a la promoci\u00f3n de una cultura sanitaria orientada a la prevenci\u00f3n y el bienestar de la poblaci\u00f3n.<\/p>\n\n\n\n<p>Este convenio marco refleja una visi\u00f3n compartida de responsabilidad institucional y compromiso con el desarrollo sostenible, consolidando una relaci\u00f3n estrat\u00e9gica entre la regulaci\u00f3n sanitaria y la educaci\u00f3n superior p\u00fablica, en beneficio directo de la sociedad salvadore\u00f1a.<\/p>\n","protected":false},"excerpt":{"rendered":"<div class=\"parrafos-blancos-letranegra\"><p>La Superintendencia de Regulaci\u00f3n Sanitaria (SRS) y la Universidad de El Salvador (UES) suscribieron un Convenio Marco de Colaboraci\u00f3n Acad\u00e9mico\u2013Institucional, con el objetivo de fortalecer la articulaci\u00f3n entre la academia y el sector p\u00fablico en beneficio del sistema sanitario nacional. Firmaron el documento oficial el Superintendente, MSc. Noe Geovanni Garc\u00eda y el Ing. Juan Rosa [&hellip;]<\/p>\n<\/div>","protected":false},"author":10,"featured_media":13623,"comment_status":"open","ping_status":"open","sticky":false,"template":"","format":"standard","meta":{"_monsterinsights_skip_tracking":false,"_monsterinsights_sitenote_active":false,"_monsterinsights_sitenote_note":"","_monsterinsights_sitenote_category":0,"footnotes":""},"categories":[5],"tags":[],"class_list":["post-13622","post","type-post","status-publish","format-standard","has-post-thumbnail","hentry","category-noticias"],"_links":{"self":[{"href":"https:\/\/www.srs.gob.sv\/index.php?rest_route=\/wp\/v2\/posts\/13622","targetHints":{"allow":["GET"]}}],"collection":[{"href":"https:\/\/www.srs.gob.sv\/index.php?rest_route=\/wp\/v2\/posts"}],"about":[{"href":"https:\/\/www.srs.gob.sv\/index.php?rest_route=\/wp\/v2\/types\/post"}],"author":[{"embeddable":true,"href":"https:\/\/www.srs.gob.sv\/index.php?rest_route=\/wp\/v2\/users\/10"}],"replies":[{"embeddable":true,"href":"https:\/\/www.srs.gob.sv\/index.php?rest_route=%2Fwp%2Fv2%2Fcomments&post=13622"}],"version-history":[{"count":2,"href":"https:\/\/www.srs.gob.sv\/index.php?rest_route=\/wp\/v2\/posts\/13622\/revisions"}],"predecessor-version":[{"id":13733,"href":"https:\/\/www.srs.gob.sv\/index.php?rest_route=\/wp\/v2\/posts\/13622\/revisions\/13733"}],"wp:featuredmedia":[{"embeddable":true,"href":"https:\/\/www.srs.gob.sv\/index.php?rest_route=\/wp\/v2\/media\/13623"}],"wp:attachment":[{"href":"https:\/\/www.srs.gob.sv\/index.php?rest_route=%2Fwp%2Fv2%2Fmedia&parent=13622"}],"wp:term":[{"taxonomy":"category","embeddable":true,"href":"https:\/\/www.srs.gob.sv\/index.php?rest_route=%2Fwp%2Fv2%2Fcategories&post=13622"},{"taxonomy":"post_tag","embeddable":true,"href":"https:\/\/www.srs.gob.sv\/index.php?rest_route=%2Fwp%2Fv2%2Ftags&post=13622"}],"curies":[{"name":"wp","href":"https:\/\/api.w.org\/{rel}","templated":true}]}}