{"id":11894,"date":"2025-10-10T16:22:26","date_gmt":"2025-10-10T22:22:26","guid":{"rendered":"https:\/\/www.srs.gob.sv\/?p=11894"},"modified":"2025-10-10T16:22:26","modified_gmt":"2025-10-10T22:22:26","slug":"srs-reconocida-como-institucion-publica-del-ano-2025-en-los-premios-dyn","status":"publish","type":"post","link":"https:\/\/www.srs.gob.sv\/?p=11894","title":{"rendered":"SRS RECONOCIDA COMO \u201cINSTITUCI\u00d3N P\u00daBLICA DEL A\u00d1O 2025\u201d EN LOS PREMIOS DYN\u00a0"},"content":{"rendered":"\n<p>La revista <strong>Derecho y Negocios<\/strong> celebr\u00f3 la <strong>Gala 16 de los \u201cPremios DyN\u201d<\/strong>, evento en el que la <strong>Superintendencia de Regulaci\u00f3n Sanitaria (SRS)<\/strong> fue distinguida con el galard\u00f3n <strong>\u201cInstituci\u00f3n P\u00fablica del A\u00f1o 2025\u201d<\/strong>, en reconocimiento a su destacada labor y compromiso con la excelencia regulatoria en El Salvador.&nbsp;<\/p>\n\n\n\n<p>Durante la ceremonia, el <strong>Superintendente, MSc. Noe Geovanni Garc\u00eda<\/strong>, recibi\u00f3 el premio en nombre de toda la instituci\u00f3n, resaltando el esfuerzo colectivo detr\u00e1s del reconocimiento:&nbsp;<\/p>\n\n\n\n<p>\u201cEste es un premio que lleva los nombres de cada uno de los colaboradores de la SRS. Sin ellos, nada de esto hubiera sido posible\u201d, enfatiz\u00f3.&nbsp;<\/p>\n\n\n\n<p>Bajo una <strong>gesti\u00f3n visionaria<\/strong>, la SRS ha enfrentado con \u00e9xito los nuevos desaf\u00edos regulatorios, elevando los est\u00e1ndares sanitarios nacionales y contribuyendo significativamente al bienestar y la salud de la poblaci\u00f3n salvadore\u00f1a.&nbsp;<\/p>\n\n\n\n<p>En la misma gala, el <strong>Superintendente Noe Garc\u00eda<\/strong> tambi\u00e9n fue honrado con el premio <strong>\u201cProyecci\u00f3n Profesional 2025\u201d<\/strong>, distinci\u00f3n otorgada por su <strong>liderazgo innovador, compromiso con la excelencia y r\u00e1pida consolidaci\u00f3n profesional<\/strong>.&nbsp;<\/p>\n\n\n\n<p>\u201cMe llena de orgullo recibir este reconocimiento personal, que extiendo simb\u00f3licamente a cada colaborador de la SRS, porque los logros individuales solo son posibles cuando se trabaja en equipo\u201d, expres\u00f3 Garc\u00eda.&nbsp;<\/p>\n\n\n\n<p>La revista destac\u00f3 su <strong>visi\u00f3n transformadora<\/strong> y su papel como <strong>referente emergente en la comunidad jur\u00eddica salvadore\u00f1a<\/strong>, subrayando que el futuro de la profesi\u00f3n se fortalece con el talento joven.&nbsp;<\/p>\n\n\n\n<p>\u201cEste doble reconocimiento nos motiva a seguir avanzando, mejorando los servicios al regulado y consolid\u00e1ndonos como un referente regional en regulaci\u00f3n sanitaria\u201d, a\u00f1adi\u00f3 el Superintendente.&nbsp;<\/p>\n\n\n\n<p>Los <strong>Premios DyN<\/strong> reconocen la <strong>excelencia en el \u00e1mbito jur\u00eddico y empresarial<\/strong> del pa\u00eds, distinguiendo a firmas, abogados, empresarios y funcionarios p\u00fablicos por su desempe\u00f1o y trayectoria. La gala cont\u00f3 con la participaci\u00f3n de representantes del sector legal, empresarial, diplom\u00e1tico y gubernamental, quienes se dieron cita para celebrar la innovaci\u00f3n y el liderazgo en sus respectivas \u00e1reas.&nbsp;<\/p>\n","protected":false},"excerpt":{"rendered":"<div class=\"parrafos-blancos-letranegra\"><p>La revista Derecho y Negocios celebr\u00f3 la Gala 16 de los \u201cPremios DyN\u201d, evento en el que la Superintendencia de Regulaci\u00f3n Sanitaria (SRS) fue distinguida con el galard\u00f3n \u201cInstituci\u00f3n P\u00fablica del A\u00f1o 2025\u201d, en reconocimiento a su destacada labor y compromiso con la excelencia regulatoria en El Salvador.&nbsp; Durante la ceremonia, el Superintendente, MSc. Noe [&hellip;]<\/p>\n<\/div>","protected":false},"author":1,"featured_media":11895,"comment_status":"open","ping_status":"open","sticky":false,"template":"","format":"standard","meta":{"_monsterinsights_skip_tracking":false,"_monsterinsights_sitenote_active":false,"_monsterinsights_sitenote_note":"","_monsterinsights_sitenote_category":0,"footnotes":""},"categories":[5],"tags":[],"class_list":["post-11894","post","type-post","status-publish","format-standard","has-post-thumbnail","hentry","category-noticias"],"_links":{"self":[{"href":"https:\/\/www.srs.gob.sv\/index.php?rest_route=\/wp\/v2\/posts\/11894","targetHints":{"allow":["GET"]}}],"collection":[{"href":"https:\/\/www.srs.gob.sv\/index.php?rest_route=\/wp\/v2\/posts"}],"about":[{"href":"https:\/\/www.srs.gob.sv\/index.php?rest_route=\/wp\/v2\/types\/post"}],"author":[{"embeddable":true,"href":"https:\/\/www.srs.gob.sv\/index.php?rest_route=\/wp\/v2\/users\/1"}],"replies":[{"embeddable":true,"href":"https:\/\/www.srs.gob.sv\/index.php?rest_route=%2Fwp%2Fv2%2Fcomments&post=11894"}],"version-history":[{"count":1,"href":"https:\/\/www.srs.gob.sv\/index.php?rest_route=\/wp\/v2\/posts\/11894\/revisions"}],"predecessor-version":[{"id":11897,"href":"https:\/\/www.srs.gob.sv\/index.php?rest_route=\/wp\/v2\/posts\/11894\/revisions\/11897"}],"wp:featuredmedia":[{"embeddable":true,"href":"https:\/\/www.srs.gob.sv\/index.php?rest_route=\/wp\/v2\/media\/11895"}],"wp:attachment":[{"href":"https:\/\/www.srs.gob.sv\/index.php?rest_route=%2Fwp%2Fv2%2Fmedia&parent=11894"}],"wp:term":[{"taxonomy":"category","embeddable":true,"href":"https:\/\/www.srs.gob.sv\/index.php?rest_route=%2Fwp%2Fv2%2Fcategories&post=11894"},{"taxonomy":"post_tag","embeddable":true,"href":"https:\/\/www.srs.gob.sv\/index.php?rest_route=%2Fwp%2Fv2%2Ftags&post=11894"}],"curies":[{"name":"wp","href":"https:\/\/api.w.org\/{rel}","templated":true}]}}